{"id":62290,"date":"2023-12-14T17:44:49","date_gmt":"2023-12-14T16:44:49","guid":{"rendered":"https:\/\/13muz.eu\/?p=62290"},"modified":"2024-12-14T13:15:54","modified_gmt":"2024-12-14T12:15:54","slug":"14-12-do-gory-nutami-rodzinne-warsztaty-muzyczne","status":"publish","type":"post","link":"https:\/\/13muz.eu\/en\/14-12-do-gory-nutami-rodzinne-warsztaty-muzyczne\/","title":{"rendered":"14.12. \/ Do g\u00f3ry nutami &#8211; rodzinne warsztaty muzyczne"},"content":{"rendered":"<p style=\"text-align: justify;\"><strong>14.12.2024 sobota g. 11:00<\/strong><\/p>\n<p><img loading=\"lazy\" decoding=\"async\" class=\"size-medium wp-image-62254 alignleft\" src=\"https:\/\/13muz.eu\/wp-content\/uploads\/2024\/11\/14.12.2024-Do-gory-nutami-kwadrat-300x300.jpg\" alt=\"\" width=\"300\" height=\"300\" srcset=\"https:\/\/13muz.eu\/wp-content\/uploads\/2024\/11\/14.12.2024-Do-gory-nutami-kwadrat-300x300.jpg 300w, https:\/\/13muz.eu\/wp-content\/uploads\/2024\/11\/14.12.2024-Do-gory-nutami-kwadrat-150x150.jpg 150w, https:\/\/13muz.eu\/wp-content\/uploads\/2024\/11\/14.12.2024-Do-gory-nutami-kwadrat-768x768.jpg 768w, https:\/\/13muz.eu\/wp-content\/uploads\/2024\/11\/14.12.2024-Do-gory-nutami-kwadrat-130x130.jpg 130w, https:\/\/13muz.eu\/wp-content\/uploads\/2024\/11\/14.12.2024-Do-gory-nutami-kwadrat-400x400.jpg 400w, https:\/\/13muz.eu\/wp-content\/uploads\/2024\/11\/14.12.2024-Do-gory-nutami-kwadrat.jpg 800w\" sizes=\"auto, (max-width: 300px) 100vw, 300px\" \/><\/p>\n<p style=\"text-align: justify;\">Warsztaty muzyczne dla rodzin z dzie\u0107mi (do 6. lat) z piosenk\u0105 zimow\u0105 w tle.<\/p>\n<p style=\"text-align: justify;\">Zapraszamy na zimowe warsztaty umuzykalniaj\u0105ce dla rodzin z dzie\u0107mi w wieku 0-6 lat. W czasie zaj\u0119\u0107 \u015bpiewamy po polsku i angielsku, ta\u0144czymy, rytmizujemy, a przede wszystkim przekazujemy dzieciom mi\u0142o\u015b\u0107 do muzyki i rado\u015b\u0107 z jej tworzenia.<\/p>\n<p><a href=\"https:\/\/13muz.eu\/event\/14-12-do-gory-nutami-rodzinne-warsztaty-muzyczne\/\">Wi\u0119cej&#8230;<\/a><\/p>\n","protected":false},"excerpt":{"rendered":"<p>14.12.2024 sobota g. 11:00 Warsztaty muzyczne dla rodzin z dzie\u0107mi (do 6. lat) z piosenk\u0105 zimow\u0105 w tle. Zapraszamy na zimowe warsztaty umuzykalniaj\u0105ce dla rodzin z dzie\u0107mi w wieku 0-6 lat. W czasie zaj\u0119\u0107 \u015bpiewamy po polsku i angielsku, ta\u0144czymy, rytmizujemy, a przede wszystkim przekazujemy dzieciom mi\u0142o\u015b\u0107 do muzyki i rado\u015b\u0107 z jej tworzenia. Wi\u0119cej&#8230;<\/p>\n","protected":false},"author":4,"featured_media":62255,"comment_status":"closed","ping_status":"closed","sticky":false,"template":"","format":"standard","meta":{"ngg_post_thumbnail":0,"_price":"","_stock":"","_tribe_ticket_header":"","_tribe_default_ticket_provider":"","_ticket_start_date":"","_ticket_end_date":"","_tribe_ticket_show_description":"","_tribe_ticket_show_not_going":false,"_tribe_ticket_use_global_stock":"","_tribe_ticket_global_stock_level":"","_global_stock_mode":"","_global_stock_cap":"","_tribe_rsvp_for_event":"","_tribe_ticket_going_count":"","_tribe_ticket_not_going_count":"","_tribe_tickets_list":"[]","_tribe_ticket_has_attendee_info_fields":false,"footnotes":""},"categories":[30,1173,16],"tags":[],"class_list":["post-62290","post","type-post","status-publish","format-standard","has-post-thumbnail","hentry","category-dk13muz","category-dla-dzieci","category-warsztaty-zajecia"],"post_mailing_queue_ids":[],"_links":{"self":[{"href":"https:\/\/13muz.eu\/en\/wp-json\/wp\/v2\/posts\/62290","targetHints":{"allow":["GET"]}}],"collection":[{"href":"https:\/\/13muz.eu\/en\/wp-json\/wp\/v2\/posts"}],"about":[{"href":"https:\/\/13muz.eu\/en\/wp-json\/wp\/v2\/types\/post"}],"author":[{"embeddable":true,"href":"https:\/\/13muz.eu\/en\/wp-json\/wp\/v2\/users\/4"}],"replies":[{"embeddable":true,"href":"https:\/\/13muz.eu\/en\/wp-json\/wp\/v2\/comments?post=62290"}],"version-history":[{"count":0,"href":"https:\/\/13muz.eu\/en\/wp-json\/wp\/v2\/posts\/62290\/revisions"}],"wp:featuredmedia":[{"embeddable":true,"href":"https:\/\/13muz.eu\/en\/wp-json\/wp\/v2\/media\/62255"}],"wp:attachment":[{"href":"https:\/\/13muz.eu\/en\/wp-json\/wp\/v2\/media?parent=62290"}],"wp:term":[{"taxonomy":"category","embeddable":true,"href":"https:\/\/13muz.eu\/en\/wp-json\/wp\/v2\/categories?post=62290"},{"taxonomy":"post_tag","embeddable":true,"href":"https:\/\/13muz.eu\/en\/wp-json\/wp\/v2\/tags?post=62290"}],"curies":[{"name":"wp","href":"https:\/\/api.w.org\/{rel}","templated":true}]}}