{"id":55350,"date":"2023-01-18T14:00:33","date_gmt":"2023-01-18T13:00:33","guid":{"rendered":"https:\/\/13muz.eu\/?p=55350"},"modified":"2024-01-18T19:46:51","modified_gmt":"2024-01-18T18:46:51","slug":"18-01-wieczorek-z-antykiem-w-ramach-projektu-odslonmy-kurtyny","status":"publish","type":"post","link":"https:\/\/13muz.eu\/en\/18-01-wieczorek-z-antykiem-w-ramach-projektu-odslonmy-kurtyny\/","title":{"rendered":"18.01. \/ Wieczorek z Antykiem w ramach projektu \u201eOds\u0142o\u0144my Kurtyny\u201d"},"content":{"rendered":"<p style=\"text-align: justify;\"><strong>18.01.2024 czwartek g. 16:00<\/strong><\/p>\n<p style=\"text-align: justify;\"><img loading=\"lazy\" decoding=\"async\" class=\"size-medium wp-image-55351 alignleft\" src=\"https:\/\/13muz.eu\/wp-content\/uploads\/2023\/12\/18.01.2024-Wieczorek-z-Antykiem-800-300x283.jpg\" alt=\"\" width=\"300\" height=\"283\" srcset=\"https:\/\/13muz.eu\/wp-content\/uploads\/2023\/12\/18.01.2024-Wieczorek-z-Antykiem-800-300x283.jpg 300w, https:\/\/13muz.eu\/wp-content\/uploads\/2023\/12\/18.01.2024-Wieczorek-z-Antykiem-800-768x725.jpg 768w, https:\/\/13muz.eu\/wp-content\/uploads\/2023\/12\/18.01.2024-Wieczorek-z-Antykiem-800-400x378.jpg 400w, https:\/\/13muz.eu\/wp-content\/uploads\/2023\/12\/18.01.2024-Wieczorek-z-Antykiem-800.jpg 800w\" sizes=\"auto, (max-width: 300px) 100vw, 300px\" \/><\/p>\n<p style=\"text-align: justify;\">Zapraszamy na pierwsze spotkanie z cyklu \u201eWieczorek z Epok\u0105\u201d.<\/p>\n<p><em>Nazywamy si\u0119 \u201eOds\u0142o\u0144my Kurtyny\u201d i wszystkie jeste\u015bmy w jaki\u015b spos\u00f3b zwi\u0105zane ze sztuk\u0105. W ramach naszego projektu chcemy przeprowadzi\u0107 cykl Wieczork\u00f3w z Epokami. Oto pierwszy z nich! Uka\u017cemy Wam antyk poprzez literatur\u0119, sztuk\u0119 i architektur\u0119 z tej epoki. Opr\u00f3cz przekazania Wam wiedzy, zach\u0119cimy was do dyskusji &#8211; a to wszystko w przyjemnej atmosferze z przerw\u0105 na fili\u017cank\u0119 herbaty.<\/em><\/p>\n<p><a href=\"https:\/\/13muz.eu\/wydarzenie\/18-01-wieczorek-z-antykiem-w-ramach-projektu-odslonmy-kurtyny\/?instance_id=2228\">Wi\u0119cej&#8230;<\/a><\/p>\n","protected":false},"excerpt":{"rendered":"<p>18.01.2024 czwartek g. 16:00 Zapraszamy na pierwsze spotkanie z cyklu \u201eWieczorek z Epok\u0105\u201d. Nazywamy si\u0119 \u201eOds\u0142o\u0144my Kurtyny\u201d i wszystkie jeste\u015bmy w jaki\u015b spos\u00f3b zwi\u0105zane ze sztuk\u0105. W ramach naszego projektu chcemy przeprowadzi\u0107 cykl Wieczork\u00f3w z Epokami. Oto pierwszy z nich! Uka\u017cemy Wam antyk poprzez literatur\u0119, sztuk\u0119 i architektur\u0119 z tej epoki. Opr\u00f3cz przekazania Wam wiedzy, zach\u0119cimy was do dyskusji &#8211; a to wszystko w przyjemnej atmosferze z przerw\u0105 na fili\u017cank\u0119 herbaty. Wi\u0119cej&#8230;<\/p>\n","protected":false},"author":4,"featured_media":55352,"comment_status":"closed","ping_status":"open","sticky":false,"template":"","format":"standard","meta":{"ngg_post_thumbnail":0,"_price":"","_stock":"","_tribe_ticket_header":"","_tribe_default_ticket_provider":"","_ticket_start_date":"","_ticket_end_date":"","_tribe_ticket_show_description":"","_tribe_ticket_show_not_going":false,"_tribe_ticket_use_global_stock":"","_tribe_ticket_global_stock_level":"","_global_stock_mode":"","_global_stock_cap":"","_tribe_rsvp_for_event":"","_tribe_ticket_going_count":"","_tribe_ticket_not_going_count":"","_tribe_tickets_list":"[]","_tribe_ticket_has_attendee_info_fields":false,"footnotes":""},"categories":[30,1170],"tags":[],"class_list":["post-55350","post","type-post","status-publish","format-standard","has-post-thumbnail","hentry","category-dk13muz","category-spotkanie"],"post_mailing_queue_ids":[],"_links":{"self":[{"href":"https:\/\/13muz.eu\/en\/wp-json\/wp\/v2\/posts\/55350","targetHints":{"allow":["GET"]}}],"collection":[{"href":"https:\/\/13muz.eu\/en\/wp-json\/wp\/v2\/posts"}],"about":[{"href":"https:\/\/13muz.eu\/en\/wp-json\/wp\/v2\/types\/post"}],"author":[{"embeddable":true,"href":"https:\/\/13muz.eu\/en\/wp-json\/wp\/v2\/users\/4"}],"replies":[{"embeddable":true,"href":"https:\/\/13muz.eu\/en\/wp-json\/wp\/v2\/comments?post=55350"}],"version-history":[{"count":0,"href":"https:\/\/13muz.eu\/en\/wp-json\/wp\/v2\/posts\/55350\/revisions"}],"wp:featuredmedia":[{"embeddable":true,"href":"https:\/\/13muz.eu\/en\/wp-json\/wp\/v2\/media\/55352"}],"wp:attachment":[{"href":"https:\/\/13muz.eu\/en\/wp-json\/wp\/v2\/media?parent=55350"}],"wp:term":[{"taxonomy":"category","embeddable":true,"href":"https:\/\/13muz.eu\/en\/wp-json\/wp\/v2\/categories?post=55350"},{"taxonomy":"post_tag","embeddable":true,"href":"https:\/\/13muz.eu\/en\/wp-json\/wp\/v2\/tags?post=55350"}],"curies":[{"name":"wp","href":"https:\/\/api.w.org\/{rel}","templated":true}]}}