{"id":29322,"date":"2018-12-24T06:26:08","date_gmt":"2018-12-24T05:26:08","guid":{"rendered":"https:\/\/13muz.eu\/?p=29322"},"modified":"2019-11-19T09:18:55","modified_gmt":"2019-11-19T08:18:55","slug":"poniedzialek-jazz-fana-anthimos-apostolis-quartet","status":"publish","type":"post","link":"https:\/\/13muz.eu\/en\/poniedzialek-jazz-fana-anthimos-apostolis-quartet\/","title":{"rendered":"Poniedzia\u0142ek Jazz Fana &#8211; Anthimos Apostolis Quartet"},"content":{"rendered":"<p><img loading=\"lazy\" decoding=\"async\" class=\"size-medium wp-image-29321 alignleft\" src=\"https:\/\/13muz.eu\/wp-content\/uploads\/2019\/10\/18.11.Anthymos-Apostolis-1920_1400-foto_J\u00f3zef-Pyce-300x219.jpg\" alt=\"\" width=\"300\" height=\"219\" srcset=\"https:\/\/13muz.eu\/wp-content\/uploads\/2019\/10\/18.11.Anthymos-Apostolis-1920_1400-foto_J\u00f3zef-Pyce-300x219.jpg 300w, https:\/\/13muz.eu\/wp-content\/uploads\/2019\/10\/18.11.Anthymos-Apostolis-1920_1400-foto_J\u00f3zef-Pyce-768x560.jpg 768w, https:\/\/13muz.eu\/wp-content\/uploads\/2019\/10\/18.11.Anthymos-Apostolis-1920_1400-foto_J\u00f3zef-Pyce-1024x747.jpg 1024w, https:\/\/13muz.eu\/wp-content\/uploads\/2019\/10\/18.11.Anthymos-Apostolis-1920_1400-foto_J\u00f3zef-Pyce-400x292.jpg 400w, https:\/\/13muz.eu\/wp-content\/uploads\/2019\/10\/18.11.Anthymos-Apostolis-1920_1400-foto_J\u00f3zef-Pyce.jpg 1920w\" sizes=\"auto, (max-width: 300px) 100vw, 300px\" \/><\/p>\n<p><strong>18.11.2019 poniedzia\u0142ek g. 19:00 <\/strong><\/p>\n<p>Apostolis Anthimos &#8211; urodzony w Polsce Grek, uznawany za jednego z najciekawszych instrumentalist\u00f3w na polskiej scenie. Gitarzysta, perkusista, pianista i kompozytor. Od 1971 r. cz\u0142onek legendarnego tria SBB, z kt\u00f3rym nagra\u0142 kilkadziesi\u0105t p\u0142yt. Wyst\u0119powa\u0142 tak\u017ce z innymi gwiazdami polskiego rocka i bluesa &#8211; Czes\u0142aw Niemen, D\u017cem, Krzak. Od lat 80. wsp\u00f3\u0142pracowa\u0142 jako perkusista z Tomaszem Sta\u0144ko (m.in. album \u201eChameleon\u201d). Mieszka\u0142 w Grecji, gdzie by\u0142 jednym z najbardziej uznanych muzyk\u00f3w sesyjnych, wsp\u00f3\u0142pracuj\u0105cy m.in. z George\u2019em Dalarasem. Jako solista debiutowa\u0142 w 1994 roku albumem \u201eDays We Can\u2019t Forget\u201d, zarejestrowanym w Nowym Jorku z udzia\u0142em m.in. Gila Goldsteina, Paula Wertico, Matthew Garrisona i Sugar Blue. <a href=\"https:\/\/13muz.eu\/wydarzenie\/poniedzialek-jazz-fana-anthimos-apostolis-quartet\/\" target=\"_blank\" rel=\"noopener noreferrer\">Czytaj wi\u0119cej&#8230;<\/a><\/p>\n","protected":false},"excerpt":{"rendered":"<p>18.11.2019 poniedzia\u0142ek g. 19:00 Apostolis Anthimos &#8211; urodzony w Polsce Grek, uznawany za jednego z najciekawszych instrumentalist\u00f3w na polskiej scenie. Gitarzysta, perkusista, pianista i kompozytor. Od 1971 r. cz\u0142onek legendarnego tria SBB, z kt\u00f3rym nagra\u0142 kilkadziesi\u0105t p\u0142yt. Wyst\u0119powa\u0142 tak\u017ce z innymi gwiazdami polskiego rocka i bluesa &#8211; Czes\u0142aw Niemen, D\u017cem, Krzak. Od lat 80. wsp\u00f3\u0142pracowa\u0142 jako perkusista z Tomaszem Sta\u0144ko (m.in. album \u201eChameleon\u201d). Mieszka\u0142 w Grecji, gdzie by\u0142 jednym z najbardziej uznanych muzyk\u00f3w sesyjnych, wsp\u00f3\u0142pracuj\u0105cy m.in. z George\u2019em Dalarasem. Jako solista debiutowa\u0142 w 1994 roku albumem \u201eDays We Can\u2019t Forget\u201d, zarejestrowanym w Nowym Jorku z udzia\u0142em m.in. Gila Goldsteina, Paula [&hellip;]<\/p>\n","protected":false},"author":3,"featured_media":29321,"comment_status":"closed","ping_status":"open","sticky":false,"template":"","format":"standard","meta":{"ngg_post_thumbnail":0,"_price":"","_stock":"","_tribe_ticket_header":"","_tribe_default_ticket_provider":"","_ticket_start_date":"","_ticket_end_date":"","_tribe_ticket_show_description":"","_tribe_ticket_show_not_going":false,"_tribe_ticket_use_global_stock":"","_tribe_ticket_global_stock_level":"","_global_stock_mode":"","_global_stock_cap":"","_tribe_rsvp_for_event":"","_tribe_ticket_going_count":"","_tribe_ticket_not_going_count":"","_tribe_tickets_list":"[]","_tribe_ticket_has_attendee_info_fields":false,"footnotes":""},"categories":[30],"tags":[1052,128],"class_list":["post-29322","post","type-post","status-publish","format-standard","has-post-thumbnail","hentry","category-dk13muz","tag-apostolis-anthimos","tag-poniedzialek-jazz-fana"],"post_mailing_queue_ids":[],"_links":{"self":[{"href":"https:\/\/13muz.eu\/en\/wp-json\/wp\/v2\/posts\/29322","targetHints":{"allow":["GET"]}}],"collection":[{"href":"https:\/\/13muz.eu\/en\/wp-json\/wp\/v2\/posts"}],"about":[{"href":"https:\/\/13muz.eu\/en\/wp-json\/wp\/v2\/types\/post"}],"author":[{"embeddable":true,"href":"https:\/\/13muz.eu\/en\/wp-json\/wp\/v2\/users\/3"}],"replies":[{"embeddable":true,"href":"https:\/\/13muz.eu\/en\/wp-json\/wp\/v2\/comments?post=29322"}],"version-history":[{"count":0,"href":"https:\/\/13muz.eu\/en\/wp-json\/wp\/v2\/posts\/29322\/revisions"}],"wp:featuredmedia":[{"embeddable":true,"href":"https:\/\/13muz.eu\/en\/wp-json\/wp\/v2\/media\/29321"}],"wp:attachment":[{"href":"https:\/\/13muz.eu\/en\/wp-json\/wp\/v2\/media?parent=29322"}],"wp:term":[{"taxonomy":"category","embeddable":true,"href":"https:\/\/13muz.eu\/en\/wp-json\/wp\/v2\/categories?post=29322"},{"taxonomy":"post_tag","embeddable":true,"href":"https:\/\/13muz.eu\/en\/wp-json\/wp\/v2\/tags?post=29322"}],"curies":[{"name":"wp","href":"https:\/\/api.w.org\/{rel}","templated":true}]}}