{"id":28562,"date":"2018-12-15T14:28:41","date_gmt":"2018-12-15T13:28:41","guid":{"rendered":"https:\/\/13muz.eu\/?p=28562"},"modified":"2019-11-04T08:50:10","modified_gmt":"2019-11-04T07:50:10","slug":"szczecinskie-wierszogranie-piotr-bakal","status":"publish","type":"post","link":"https:\/\/13muz.eu\/en\/szczecinskie-wierszogranie-piotr-bakal\/","title":{"rendered":"Szczeci\u0144skie Wierszogranie: Piotr Bakal"},"content":{"rendered":"<p><img loading=\"lazy\" decoding=\"async\" class=\"size-medium wp-image-28561 alignleft\" src=\"https:\/\/13muz.eu\/wp-content\/uploads\/2019\/10\/28.10.-Bakal-300x219.jpg\" alt=\"\" width=\"300\" height=\"219\" srcset=\"https:\/\/13muz.eu\/wp-content\/uploads\/2019\/10\/28.10.-Bakal-300x219.jpg 300w, https:\/\/13muz.eu\/wp-content\/uploads\/2019\/10\/28.10.-Bakal-768x560.jpg 768w, https:\/\/13muz.eu\/wp-content\/uploads\/2019\/10\/28.10.-Bakal-1024x746.jpg 1024w, https:\/\/13muz.eu\/wp-content\/uploads\/2019\/10\/28.10.-Bakal-400x291.jpg 400w, https:\/\/13muz.eu\/wp-content\/uploads\/2019\/10\/28.10.-Bakal.jpg 1920w\" sizes=\"auto, (max-width: 300px) 100vw, 300px\" \/><\/p>\n<p><strong>28.10.2019 poniedzia\u0142ek, g. 19:00 <\/strong><\/p>\n<p><strong>Piotr Bakal<\/strong> &#8211; poeta, bard, autor, kompozytor i piosenkarz, a tak\u017ce organizator koncert\u00f3w, festiwali i warsztat\u00f3w piosenkarskich, t\u0142umacz i dziennikarz. Zapraszamy na kolejny koncert w ramach cyklu Szczeci\u0144skie Wierszogranie, kt\u00f3ry od lat przygotowuje Stowarzyszenie SZOK &#8211; Szczeci\u0144ska Offensywa Kulturalna. <a href=\"https:\/\/13muz.eu\/wydarzenie\/szczecinskie-wierszogranie-piotr-bakal\/\" target=\"_blank\" rel=\"noopener\"><strong>Czytaj wi\u0119cej&#8230;<\/strong><\/a><\/p>\n","protected":false},"excerpt":{"rendered":"<p>28.10.2019 poniedzia\u0142ek, g. 19:00 Piotr Bakal &#8211; poeta, bard, autor, kompozytor i piosenkarz, a tak\u017ce organizator koncert\u00f3w, festiwali i warsztat\u00f3w piosenkarskich, t\u0142umacz i dziennikarz. Zapraszamy na kolejny koncert w ramach cyklu Szczeci\u0144skie Wierszogranie, kt\u00f3ry od lat przygotowuje Stowarzyszenie SZOK &#8211; Szczeci\u0144ska Offensywa Kulturalna. Czytaj wi\u0119cej&#8230;<\/p>\n","protected":false},"author":3,"featured_media":28561,"comment_status":"closed","ping_status":"open","sticky":false,"template":"","format":"standard","meta":{"ngg_post_thumbnail":0,"_price":"","_stock":"","_tribe_ticket_header":"","_tribe_default_ticket_provider":"","_ticket_start_date":"","_ticket_end_date":"","_tribe_ticket_show_description":"","_tribe_ticket_show_not_going":false,"_tribe_ticket_use_global_stock":"","_tribe_ticket_global_stock_level":"","_global_stock_mode":"","_global_stock_cap":"","_tribe_rsvp_for_event":"","_tribe_ticket_going_count":"","_tribe_ticket_not_going_count":"","_tribe_tickets_list":"[]","_tribe_ticket_has_attendee_info_fields":false,"footnotes":""},"categories":[30,24],"tags":[1036],"class_list":["post-28562","post","type-post","status-publish","format-standard","has-post-thumbnail","hentry","category-dk13muz","category-szczecinskie-wierszogranie","tag-piotr-bakal"],"post_mailing_queue_ids":[],"_links":{"self":[{"href":"https:\/\/13muz.eu\/en\/wp-json\/wp\/v2\/posts\/28562","targetHints":{"allow":["GET"]}}],"collection":[{"href":"https:\/\/13muz.eu\/en\/wp-json\/wp\/v2\/posts"}],"about":[{"href":"https:\/\/13muz.eu\/en\/wp-json\/wp\/v2\/types\/post"}],"author":[{"embeddable":true,"href":"https:\/\/13muz.eu\/en\/wp-json\/wp\/v2\/users\/3"}],"replies":[{"embeddable":true,"href":"https:\/\/13muz.eu\/en\/wp-json\/wp\/v2\/comments?post=28562"}],"version-history":[{"count":0,"href":"https:\/\/13muz.eu\/en\/wp-json\/wp\/v2\/posts\/28562\/revisions"}],"wp:featuredmedia":[{"embeddable":true,"href":"https:\/\/13muz.eu\/en\/wp-json\/wp\/v2\/media\/28561"}],"wp:attachment":[{"href":"https:\/\/13muz.eu\/en\/wp-json\/wp\/v2\/media?parent=28562"}],"wp:term":[{"taxonomy":"category","embeddable":true,"href":"https:\/\/13muz.eu\/en\/wp-json\/wp\/v2\/categories?post=28562"},{"taxonomy":"post_tag","embeddable":true,"href":"https:\/\/13muz.eu\/en\/wp-json\/wp\/v2\/tags?post=28562"}],"curies":[{"name":"wp","href":"https:\/\/api.w.org\/{rel}","templated":true}]}}