{"id":69500,"global_id":"13muz.eu\/en?id=69500","global_id_lineage":["13muz.eu\/en?id=69500"],"author":"4","status":"publish","date":"2025-10-07 14:36:14","date_utc":"2025-10-07 12:36:14","modified":"2025-10-27 13:12:35","modified_utc":"2025-10-27 12:12:35","url":"https:\/\/13muz.eu\/en\/event\/22-11-do-gory-nutami-jesien-polska-jesien-warsztaty-muzyczne-dla-rodzin-z-dziecmi\/","rest_url":"https:\/\/13muz.eu\/en\/wp-json\/tribe\/events\/v1\/events\/69500","title":"22.11. \/ Do g\u00f3ry nutami &#8211; \u201eJesie\u0144, polska jesie\u0144\u201d &#8211; warsztaty muzyczne dla rodzin z dzie\u0107mi","description":"<p><img loading=\"lazy\" decoding=\"async\" class=\"alignnone size-large wp-image-68311\" src=\"https:\/\/13muz.eu\/wp-content\/uploads\/2025\/08\/20.09.2025-Do-gory-nutami-1920-1024x777.jpg\" alt=\"\" width=\"1024\" height=\"777\" srcset=\"https:\/\/13muz.eu\/wp-content\/uploads\/2025\/08\/20.09.2025-Do-gory-nutami-1920-1024x777.jpg 1024w, https:\/\/13muz.eu\/wp-content\/uploads\/2025\/08\/20.09.2025-Do-gory-nutami-1920-300x228.jpg 300w, https:\/\/13muz.eu\/wp-content\/uploads\/2025\/08\/20.09.2025-Do-gory-nutami-1920-768x582.jpg 768w, https:\/\/13muz.eu\/wp-content\/uploads\/2025\/08\/20.09.2025-Do-gory-nutami-1920-1536x1165.jpg 1536w, https:\/\/13muz.eu\/wp-content\/uploads\/2025\/08\/20.09.2025-Do-gory-nutami-1920-400x303.jpg 400w, https:\/\/13muz.eu\/wp-content\/uploads\/2025\/08\/20.09.2025-Do-gory-nutami-1920.jpg 1920w\" sizes=\"auto, (max-width: 1024px) 100vw, 1024px\" \/><\/p>\n<p style=\"text-align: justify;\"><strong>22.11.2025 sobota g. 11:00<\/strong><\/p>\n<p style=\"text-align: justify;\">Jesie\u0144 kojarzy nam si\u0119 z mnogo\u015bci\u0105 barw, bogactwem faktur i brzmie\u0144 &#8211; dok\u0142adnie jak muzyka!<\/p>\n<p style=\"text-align: justify;\">W to listopadowe przedpo\u0142udnie wsp\u00f3lnie za\u015bpiewamy i zata\u0144czymy do muzyki przer\u00f3\u017cnej &#8211; bogatej, kolorowej, w r\u00f3\u017cnych nastrojach. B\u0119dzie troch\u0119 o jesieni, troch\u0119 o Polsce, listopad sypie inspiracjami. Nie zabraknie gry na instrumentach i drobnego r\u0119kodzie\u0142a, bo w ko\u0144cu z jesiennych spacer\u00f3w nigdy nie wraca si\u0119 z pustymi r\u0119kami.<\/p>\n<p style=\"text-align: justify;\">Zapraszamy na warsztaty umuzykalniaj\u0105ce dla rodzin z dzie\u0107mi w wieku 0-6 lat. W czasie zaj\u0119\u0107 \u015bpiewamy po polsku i angielsku, ta\u0144czymy, rytmizujemy, a przede wszystkim &#8211; przekazujemy dzieciom mi\u0142o\u015b\u0107 do muzyki i rado\u015b\u0107 z jej tworzenia.<\/p>\n<p style=\"text-align: justify;\">Ka\u017cde dziecko rodzi si\u0119 z potencja\u0142em muzycznym, kt\u00f3ry warto piel\u0119gnowa\u0107 od najm\u0142odszych lat. Podczas zaj\u0119\u0107 rozwijamy wra\u017cliwo\u015b\u0107 muzyczn\u0105, koordynacj\u0119 ruchow\u0105 i poczucie rytmu u najm\u0142odszych (i starszych) uczestnik\u00f3w. Muzykujemy w atmosferze blisko\u015bci, przy aktywnym uczestnictwie rodzic\u00f3w. Wsp\u00f3lne zabawy muzyczne s\u0105 wspania\u0142\u0105 okazj\u0105 do rozwijania wi\u0119zi i aktywnego sp\u0119dzenia sobotniego przedpo\u0142udnia.<\/p>\n<p style=\"text-align: justify;\">Zaj\u0119cia poprowadz\u0105: Do g\u00f3ry nutami &#8211; Ola i Krystian Teli\u017cyn<\/p>\n<p style=\"text-align: justify;\">Ola Teli\u017cyn &#8211; wokalistka, certyfikowana trenerka pomelody i absolwentka Krakowskiej Szko\u0142y Jazzu i Muzyki Rozrywkowej.<\/p>\n<p style=\"text-align: justify;\">Krystian Teli\u017cyn &#8211; multiinstrumentalista, absolwent Krakowskiej Szko\u0142y Jazzu i Muzyki Rozrywkowej<\/p>\n<p style=\"text-align: justify;\">Wydarzenie przeznaczone jest dla rodzic\u00f3w\/opiekun\u00f3w i dzieci do 6 roku \u017cycia, ale starsze rodze\u0144stwo r\u00f3wnie\u017c jest mile widziane.<\/p>\n<p style=\"text-align: justify;\">Czas trwania wydarzenia: 60 min<\/p>\n<p style=\"text-align: justify;\">Miejsce: Sala Lustrzana<\/p>\n<p style=\"text-align: justify;\">Bilety: 35 z\u0142 dziecko, 35 z\u0142 rodzic \/ <a href=\"https:\/\/www.biletomat.pl\/bilety\/do-gory-nutami-szczecin-232898\/\" target=\"_blank\" rel=\"noopener\">www.biletomat.pl<\/a><\/p>\n<p style=\"text-align: justify;\"><strong>Nie ma mo\u017cliwo\u015bci zakupu biletu na miejscu przed wydarzeniem.<\/strong><\/p>\n<p>Wydarzenie na <a href=\"https:\/\/www.facebook.com\/events\/790036633641026\/?acontext=%7B%22event_action_history%22%3A[%7B%22extra_data%22%3A%22%22%2C%22mechanism%22%3A%22left_rail%22%2C%22surface%22%3A%22bookmark%22%7D%2C%7B%22extra_data%22%3A%22%22%2C%22mechanism%22%3A%22surface%22%2C%22surface%22%3A%22create_dialog%22%7D]%2C%22ref_notif_type%22%3Anull%7D&amp;onload_action=open_invite_flow&amp;show_created_event_toast=true\" target=\"_blank\" rel=\"noopener\"><strong>FB<\/strong><\/a><\/p>","excerpt":"","slug":"22-11-do-gory-nutami-jesien-polska-jesien-warsztaty-muzyczne-dla-rodzin-z-dziecmi","image":false,"all_day":false,"start_date":"2025-11-22 11:00:00","start_date_details":{"year":"2025","month":"11","day":"22","hour":"11","minutes":"00","seconds":"00"},"end_date":"2025-11-22 11:00:00","end_date_details":{"year":"2025","month":"11","day":"22","hour":"11","minutes":"00","seconds":"00"},"utc_start_date":"2025-11-22 10:00:00","utc_start_date_details":{"year":"2025","month":"11","day":"22","hour":"10","minutes":"00","seconds":"00"},"utc_end_date":"2025-11-22 10:00:00","utc_end_date_details":{"year":"2025","month":"11","day":"22","hour":"10","minutes":"00","seconds":"00"},"timezone":"Europe\/Warsaw","timezone_abbr":"CET","cost":"","cost_details":{"currency_symbol":"","currency_code":"","currency_position":"","values":[]},"website":"","show_map":true,"show_map_link":true,"hide_from_listings":false,"sticky":false,"featured":false,"categories":[],"tags":[],"venue":{"id":57115,"author":"2","status":"publish","date":"2024-03-06 14:37:30","date_utc":"0000-00-00 00:00:00","modified":"2024-03-06 14:37:30","modified_utc":"0000-00-00 00:00:00","url":"https:\/\/13muz.eu\/en\/venue\/dom-kultury-13-muz\/","venue":"Dom Kultury \u201e13 Muz\u201d","slug":"dom-kultury-13-muz","address":"Plac \u017bo\u0142nierza Polskiego 2","city":"Szczecin","country":"Poland","province":"Zachodniopomorskie","zip":"70-551","stateprovince":"Zachodniopomorskie","json_ld":{"@type":"Place","name":"Dom Kultury \u201e13 Muz\u201d","description":"","url":"","address":{"@type":"PostalAddress","streetAddress":"Plac \u017bo\u0142nierza Polskiego 2","addressLocality":"Szczecin","addressRegion":"Zachodniopomorskie","postalCode":"70-551","addressCountry":"Poland"},"telephone":"","sameAs":""},"show_map":true,"show_map_link":true,"global_id":"13muz.eu\/en?id=57115","global_id_lineage":["13muz.eu\/en?id=57115"]},"organizer":[],"custom_fields":[],"json_ld":{"@context":"http:\/\/schema.org","@type":"Event","name":"22.11. \/ Do g\u00f3ry nutami &#8211; \u201eJesie\u0144, polska jesie\u0144\u201d &#8211; warsztaty muzyczne dla rodzin z dzie\u0107mi","description":"&lt;p&gt;22.11.2025 sobota g. 11:00 Jesie\u0144 kojarzy nam si\u0119 z mnogo\u015bci\u0105 barw, bogactwem faktur i brzmie\u0144 - dok\u0142adnie jak muzyka! W to listopadowe przedpo\u0142udnie wsp\u00f3lnie za\u015bpiewamy i zata\u0144czymy do muzyki przer\u00f3\u017cnej - bogatej, kolorowej, w r\u00f3\u017cnych nastrojach. B\u0119dzie troch\u0119 o jesieni, troch\u0119 o Polsce, listopad sypie inspiracjami. Nie zabraknie gry na instrumentach i drobnego r\u0119kodzie\u0142a, bo w ko\u0144cu z jesiennych spacer\u00f3w nigdy nie wraca si\u0119 z pustymi r\u0119kami. Zapraszamy na warsztaty umuzykalniaj\u0105ce dla rodzin z dzie\u0107mi w wieku 0-6 lat. W czasie zaj\u0119\u0107 \u015bpiewamy po polsku i angielsku, ta\u0144czymy, rytmizujemy, a przede wszystkim - przekazujemy dzieciom mi\u0142o\u015b\u0107 do muzyki i rado\u015b\u0107 [&hellip;]&lt;\/p&gt;\\n","url":"https:\/\/13muz.eu\/en\/event\/22-11-do-gory-nutami-jesien-polska-jesien-warsztaty-muzyczne-dla-rodzin-z-dziecmi\/","eventAttendanceMode":"https:\/\/schema.org\/OfflineEventAttendanceMode","eventStatus":"https:\/\/schema.org\/EventScheduled","startDate":"2025-11-22T11:00:00+01:00","endDate":"2025-11-22T11:00:00+01:00","location":{"@type":"Place","name":"Dom Kultury \u201e13 Muz\u201d","description":"","url":"","address":{"@type":"PostalAddress","streetAddress":"Plac \u017bo\u0142nierza Polskiego 2","addressLocality":"Szczecin","addressRegion":"Zachodniopomorskie","postalCode":"70-551","addressCountry":"Poland"},"telephone":"","sameAs":""},"performer":"Organization"},"ticketed":false}