{"id":69456,"global_id":"13muz.eu\/en?id=69456","global_id_lineage":["13muz.eu\/en?id=69456"],"author":"4","status":"publish","date":"2025-10-07 12:26:14","date_utc":"2025-10-07 10:26:14","modified":"2025-11-13 12:01:04","modified_utc":"2025-11-13 11:01:04","url":"https:\/\/13muz.eu\/en\/event\/06-11-galeria-enter-maciej-mielnicki-rysunek\/","rest_url":"https:\/\/13muz.eu\/en\/wp-json\/tribe\/events\/v1\/events\/69456","title":"06.11. \/ Galeria Enter &#8211; Maciej Mielnicki &#8211; rysunek","description":"<p><img loading=\"lazy\" decoding=\"async\" class=\"alignnone size-large wp-image-69458\" src=\"https:\/\/13muz.eu\/wp-content\/uploads\/2025\/10\/06.11.2025-Galeria-Enter-Maciej-Mielnicki-1920-742x1024.jpg\" alt=\"\" width=\"742\" height=\"1024\" srcset=\"https:\/\/13muz.eu\/wp-content\/uploads\/2025\/10\/06.11.2025-Galeria-Enter-Maciej-Mielnicki-1920-742x1024.jpg 742w, https:\/\/13muz.eu\/wp-content\/uploads\/2025\/10\/06.11.2025-Galeria-Enter-Maciej-Mielnicki-1920-217x300.jpg 217w, https:\/\/13muz.eu\/wp-content\/uploads\/2025\/10\/06.11.2025-Galeria-Enter-Maciej-Mielnicki-1920-768x1060.jpg 768w, https:\/\/13muz.eu\/wp-content\/uploads\/2025\/10\/06.11.2025-Galeria-Enter-Maciej-Mielnicki-1920-1112x1536.jpg 1112w, https:\/\/13muz.eu\/wp-content\/uploads\/2025\/10\/06.11.2025-Galeria-Enter-Maciej-Mielnicki-1920-1483x2048.jpg 1483w, https:\/\/13muz.eu\/wp-content\/uploads\/2025\/10\/06.11.2025-Galeria-Enter-Maciej-Mielnicki-1920-400x552.jpg 400w, https:\/\/13muz.eu\/wp-content\/uploads\/2025\/10\/06.11.2025-Galeria-Enter-Maciej-Mielnicki-1920-scaled.jpg 1854w\" sizes=\"auto, (max-width: 742px) 100vw, 742px\" \/><\/p>\n<p style=\"text-align: justify;\"><strong>06.11.2025 czwartek g. 17:00<\/strong><\/p>\n<p><a href=\"https:\/\/13muz.eu\/wernisaze\/nggallery\/album\/galeria-enter-maciej-mielnicki-rysunek\" target=\"_blank\" rel=\"noopener\"><strong>Zdj\u0119cia z wernisa\u017cu<\/strong><\/a><\/p>\n<p style=\"text-align: justify;\">6 listopada (czwartek) o godz. 17:00 zapraszamy do Galerii Enter na otwarcie wystawy &#8211; wst\u0119p wolny.<\/p>\n<p style=\"text-align: justify;\">Wystawa czynna do 28 listopada od poniedzia\u0142ku do pi\u0105tku w godz. 8:00-18:00 oraz w trakcie trwania wydarze\u0144 &#8211; wst\u0119p wolny.<\/p>\n<p style=\"text-align: justify;\">Maciej Mielnicki uko\u0144czy\u0142 Wydzia\u0142 Sztuk Pi\u0119knych na Uniwersytecie Miko\u0142aja Kopernika w Toruniu. Tw\u00f3rczo\u015b\u0107 w zakresach: grafika, rysunek, ilustracja ksi\u0105\u017ckowa, typografia, scenografia, grafika reklamowa, mural, architektura wn\u0119trz. Od wielu lat zajmuje si\u0119 przede wszystkim rysunkiem warsztatowym.<\/p>\n<p style=\"text-align: justify;\">Artysta bra\u0142 udzia\u0142 w wielu prezentacjach zespo\u0142owych w kraju i zagranic\u0105. Ma w swoim portfolio ok. 20. wystaw indywidualnych. Za rysunek otrzyma\u0142 nagrody, wyr\u00f3\u017cnienia i medale w presti\u017cowych konkursach, m.in. Cleveland (Wielka Brytania), Triennale Rysunku pod patronatem Tadeusza Kulisiewicz (Kalisz), Wroc\u0142aw biennale. Dwukrotny stypendysta MKiDN za dzia\u0142alno\u015b\u0107 artystyczn\u0105. O arty\u015bcie opracowano prac\u0119 semestraln\u0105 w 2003 r, przez studentk\u0119 III roku &#8211; WSSU Szczecin.<\/p>\n<p style=\"text-align: justify;\">Przedstawione na wystawie prace pochodz\u0105 z lat 2023 &#8211; 2025. Nie przyj\u0119to specjalnego tytu\u0142u prezentacji &#8211; jest to rysunek. W warstwie tre\u015bciowej rysunek dotyka tego, co jest w nas. W warstwie formalnej to oszcz\u0119dno\u015b\u0107 i wstrzemi\u0119\u017aliwo\u015b\u0107.<\/p>\n<p>Wydarzenie na <a href=\"https:\/\/www.facebook.com\/events\/1858995308161242\/?acontext=%7B%22event_action_history%22%3A[%7B%22extra_data%22%3A%22%22%2C%22mechanism%22%3A%22left_rail%22%2C%22surface%22%3A%22bookmark%22%7D%2C%7B%22extra_data%22%3A%22%22%2C%22mechanism%22%3A%22surface%22%2C%22surface%22%3A%22create_dialog%22%7D]%2C%22ref_notif_type%22%3Anull%7D&amp;onload_action=open_invite_flow&amp;show_created_event_toast=true\" target=\"_blank\" rel=\"noopener\"><strong>FB<\/strong><\/a><\/p>","excerpt":"","slug":"06-11-galeria-enter-maciej-mielnicki-rysunek","image":false,"all_day":false,"start_date":"2025-11-06 17:00:00","start_date_details":{"year":"2025","month":"11","day":"06","hour":"17","minutes":"00","seconds":"00"},"end_date":"2025-11-28 18:00:00","end_date_details":{"year":"2025","month":"11","day":"28","hour":"18","minutes":"00","seconds":"00"},"utc_start_date":"2025-11-06 16:00:00","utc_start_date_details":{"year":"2025","month":"11","day":"06","hour":"16","minutes":"00","seconds":"00"},"utc_end_date":"2025-11-28 17:00:00","utc_end_date_details":{"year":"2025","month":"11","day":"28","hour":"17","minutes":"00","seconds":"00"},"timezone":"Europe\/Warsaw","timezone_abbr":"CET","cost":"","cost_details":{"currency_symbol":"","currency_code":"","currency_position":"","values":[]},"website":"","show_map":true,"show_map_link":true,"hide_from_listings":false,"sticky":false,"featured":false,"categories":[],"tags":[],"venue":{"id":57115,"author":"2","status":"publish","date":"2024-03-06 14:37:30","date_utc":"0000-00-00 00:00:00","modified":"2024-03-06 14:37:30","modified_utc":"0000-00-00 00:00:00","url":"https:\/\/13muz.eu\/en\/venue\/dom-kultury-13-muz\/","venue":"Dom Kultury \u201e13 Muz\u201d","slug":"dom-kultury-13-muz","address":"Plac \u017bo\u0142nierza Polskiego 2","city":"Szczecin","country":"Poland","province":"Zachodniopomorskie","zip":"70-551","stateprovince":"Zachodniopomorskie","json_ld":{"@type":"Place","name":"Dom Kultury \u201e13 Muz\u201d","description":"","url":"","address":{"@type":"PostalAddress","streetAddress":"Plac \u017bo\u0142nierza Polskiego 2","addressLocality":"Szczecin","addressRegion":"Zachodniopomorskie","postalCode":"70-551","addressCountry":"Poland"},"telephone":"","sameAs":""},"show_map":true,"show_map_link":true,"global_id":"13muz.eu\/en?id=57115","global_id_lineage":["13muz.eu\/en?id=57115"]},"organizer":[],"custom_fields":[],"json_ld":{"@context":"http:\/\/schema.org","@type":"Event","name":"06.11. \/ Galeria Enter &#8211; Maciej Mielnicki &#8211; rysunek","description":"&lt;p&gt;06.11.2025 czwartek g. 17:00 Zdj\u0119cia z wernisa\u017cu 6 listopada (czwartek) o godz. 17:00 zapraszamy do Galerii Enter na otwarcie wystawy - wst\u0119p wolny. Wystawa czynna do 28 listopada od poniedzia\u0142ku do pi\u0105tku w godz. 8:00-18:00 oraz w trakcie trwania wydarze\u0144 - wst\u0119p wolny. Maciej Mielnicki uko\u0144czy\u0142 Wydzia\u0142 Sztuk Pi\u0119knych na Uniwersytecie Miko\u0142aja Kopernika w Toruniu. Tw\u00f3rczo\u015b\u0107 w zakresach: grafika, rysunek, ilustracja ksi\u0105\u017ckowa, typografia, scenografia, grafika reklamowa, mural, architektura wn\u0119trz. Od wielu lat zajmuje si\u0119 przede wszystkim rysunkiem warsztatowym. Artysta bra\u0142 udzia\u0142 w wielu prezentacjach zespo\u0142owych w kraju i zagranic\u0105. Ma w swoim portfolio ok. 20. wystaw indywidualnych. Za rysunek otrzyma\u0142 [&hellip;]&lt;\/p&gt;\\n","url":"https:\/\/13muz.eu\/en\/event\/06-11-galeria-enter-maciej-mielnicki-rysunek\/","eventAttendanceMode":"https:\/\/schema.org\/OfflineEventAttendanceMode","eventStatus":"https:\/\/schema.org\/EventScheduled","startDate":"2025-11-06T17:00:00+01:00","endDate":"2025-11-28T18:00:00+01:00","location":{"@type":"Place","name":"Dom Kultury \u201e13 Muz\u201d","description":"","url":"","address":{"@type":"PostalAddress","streetAddress":"Plac \u017bo\u0142nierza Polskiego 2","addressLocality":"Szczecin","addressRegion":"Zachodniopomorskie","postalCode":"70-551","addressCountry":"Poland"},"telephone":"","sameAs":""},"performer":"Organization"},"ticketed":false}