{"id":68630,"global_id":"13muz.eu\/en?id=68630","global_id_lineage":["13muz.eu\/en?id=68630"],"author":"4","status":"publish","date":"2025-09-08 10:47:33","date_utc":"2025-09-08 08:47:33","modified":"2025-10-03 11:42:26","modified_utc":"2025-10-03 09:42:26","url":"https:\/\/13muz.eu\/en\/event\/02-10-galeria-enter-aleksandra-jadczuk-anna-waligorska-pejzaz-malarstwo\/","rest_url":"https:\/\/13muz.eu\/en\/wp-json\/tribe\/events\/v1\/events\/68630","title":"02.10. \/ Galeria Enter &#8211; Aleksandra Jadczuk \/ Anna Walig\u00f3rska &#8211; \u201ePejza\u017c\u201d &#8211; malarstwo","description":"<p><img loading=\"lazy\" decoding=\"async\" class=\"alignnone size-large wp-image-68632\" src=\"https:\/\/13muz.eu\/wp-content\/uploads\/2025\/09\/02.10.2025-Galeria-Enter-Aleksandra-Jadczuk-1920-1024x1024.jpg\" alt=\"\" width=\"1024\" height=\"1024\" srcset=\"https:\/\/13muz.eu\/wp-content\/uploads\/2025\/09\/02.10.2025-Galeria-Enter-Aleksandra-Jadczuk-1920-1024x1024.jpg 1024w, https:\/\/13muz.eu\/wp-content\/uploads\/2025\/09\/02.10.2025-Galeria-Enter-Aleksandra-Jadczuk-1920-300x300.jpg 300w, https:\/\/13muz.eu\/wp-content\/uploads\/2025\/09\/02.10.2025-Galeria-Enter-Aleksandra-Jadczuk-1920-150x150.jpg 150w, https:\/\/13muz.eu\/wp-content\/uploads\/2025\/09\/02.10.2025-Galeria-Enter-Aleksandra-Jadczuk-1920-768x768.jpg 768w, https:\/\/13muz.eu\/wp-content\/uploads\/2025\/09\/02.10.2025-Galeria-Enter-Aleksandra-Jadczuk-1920-1536x1536.jpg 1536w, https:\/\/13muz.eu\/wp-content\/uploads\/2025\/09\/02.10.2025-Galeria-Enter-Aleksandra-Jadczuk-1920-130x130.jpg 130w, https:\/\/13muz.eu\/wp-content\/uploads\/2025\/09\/02.10.2025-Galeria-Enter-Aleksandra-Jadczuk-1920-400x400.jpg 400w, https:\/\/13muz.eu\/wp-content\/uploads\/2025\/09\/02.10.2025-Galeria-Enter-Aleksandra-Jadczuk-1920.jpg 1920w\" sizes=\"auto, (max-width: 1024px) 100vw, 1024px\" \/><\/p>\n<p style=\"text-align: justify;\"><strong>02.10.2025 czwartek g. 17:00<\/strong><\/p>\n<p><strong><a href=\"https:\/\/13muz.eu\/wernisaze\/nggallery\/album\/galeria-enter-aleksandra-jadczuk_anna-waligorska-pejzaz-malarstwo\" target=\"_blank\" rel=\"noopener\">Zdj\u0119cia z wernisa\u017cu<\/a><\/strong><\/p>\n<p style=\"text-align: justify;\">2 pa\u017adziernika (czwartek) o godz. 17:00 zapraszamy do Galerii Enter na otwarcie wystawy &#8211; wst\u0119p wolny.<\/p>\n<p style=\"text-align: justify;\">Wystawa czynna do 31 pa\u017adziernika od poniedzia\u0142ku do pi\u0105tku w godz. 8:00-18:00 oraz w trakcie trwania wydarze\u0144 &#8211; wst\u0119p wolny.<\/p>\n<p style=\"text-align: justify;\">W dniach 4-5 pa\u017adziernika (sobota-niedziela) w ramach akcji \u201eWeekend seniora z kultur\u0105\u201d wystaw\u0119 b\u0119dzie mo\u017cna zwiedza\u0107: sobota g. 10:00-18:00, niedziela g. 14:00-20:00.<\/p>\n<p style=\"text-align: justify;\">Aleksandra Jadczuk<br \/>\nNa wystawie zaprezentowany zostanie cykl kompozycji malarskich b\u0119d\u0105cych reminiscencjami pejza\u017cu. W obrazach tych przekaz natury nie jest jednoznaczny, lecz raczej nacechowany pami\u0119ci\u0105 oraz zsyntetyzowany. Autorka stosuje r\u00f3\u017cnorodne \u015brodki wyrazu w poszukiwaniu metaforycznej rzeczywisto\u015bci natury oraz jej prawdy. Istotna jest r\u00f3wnie\u017c materia obraz\u00f3w realizowana autorsk\u0105 technik\u0105.<\/p>\n<p style=\"text-align: justify;\"><em>\u201eUrodzi\u0142am si\u0119 w 1974 r. w Gda\u0144sku. Uko\u0144czy\u0142am Wydzia\u0142 Malarstwa i Grafiki Akademii Sztuk Pi\u0119knych w Gda\u0144sku. W 2001 roku obroni\u0142am dyplom z malarstwa w pracowni prof. Macieja \u015awieszewskiego, aneks w Pracowni Malarstwa \u015aciennego prof. Andrzeja Dyakowskiego. Stopie\u0144 Doktora Sztuki w dziedzinie sztuk pi\u0119knych uzyska\u0142am w 2012 r, doktora habilitowanego w 2019 r. Zajmuj\u0119 si\u0119 malarstwem, rysunkiem oraz fotografi\u0105. Jestem autork\u0105 ponad 50. wystaw indywidualnych oraz uczestniczy\u0142am w kilkudziesi\u0119ciu wystawach zbiorowych w kraju i za granic\u0105.<\/em><\/p>\n<p style=\"text-align: justify;\"><em>&nbsp;<\/em><em>Aktualnie pracuj\u0119 nad cyklami kompozycji malarskich b\u0119d\u0105cych reminiscencjami pejza\u017cu. W obrazach tych przekaz natury nie jest jednoznaczny, lecz raczej nacechowany pami\u0119ci\u0105 oraz zsyntetyzowany. Zak\u0142adam nowe podej\u015bcie do problem\u00f3w formy w malarstwie, przy zastosowaniu r\u00f3\u017cnorodnych \u015brodk\u00f3w wyrazu w poszukiwaniu metaforycznej rzeczywisto\u015bci natury oraz jej prawdy. Istotna jest r\u00f3wnie\u017c materia obraz\u00f3w realizowana autorsk\u0105 technik\u0105\u201d<\/em> &#8211; Aleksandra Jadczuk<\/p>\n<p style=\"text-align: justify;\">Fragment tekstu dr Ity Har\u0119zy o malarstwie Aleksandry Jadczuk<\/p>\n<p style=\"text-align: justify;\"><em>\u201eR\u00f3\u017cnice koloru, faktury, kszta\u0142tu. Abstrakcja skojarzona z natur\u0105. Ko\u0142a podobne do tarczy s\u0142o\u0144ca i ksi\u0119\u017cyca, lub soczewki, przez kt\u00f3r\u0105 ogl\u0105dana jest cz\u0105stka natury, oraz r\u00f3\u017cnego rodzaju kropki. Uk\u0142ady pasowe: kierunki pionowe, poziome, diagonalne i ich zestawienia. Prostok\u0105tne p\u0142\u00f3tna, kameralne formaty, kompozycje na p\u0142\u00f3tnach i z p\u0142\u00f3cien. Barwa w postaci apli, ale te\u017c wynikaj\u0105ca z faktury, sposobu po\u0142o\u017cenia farb i z\u0142oce\u0144\u2026.<\/em><\/p>\n<p style=\"text-align: justify;\"><em>Spos\u00f3b komponowania ma charakter intuicyjny. Mimo stosowanej geometrii brak tu wyczuwalnych regu\u0142 matematycznej logiki. Czytelna raczej jest premedytacja w \u0142amaniu zasad, sprawdzania mo\u017cliwych rozwi\u0105za\u0144 oraz niech\u0119\u0107 do rozstania z malarskimi mo\u017cliwo\u015bciami i w\u0142a\u015bciwo\u015bciami. Tak jakby prowadzona by\u0142a osobista gra o to: ile oryginalnych poci\u0105gni\u0119\u0107 p\u0119dzla mo\u017cna uzna\u0107 za znacz\u0105ce dla mocy artystycznego wyrazu?, ile pi\u0119knych zestawie\u0144 barwnych mo\u017cna przechowa\u0107 na raz?, ile warstw czasu mo\u017cna zamkn\u0105\u0107 w jednym p\u0142\u00f3tnie?, i w ko\u0144cu: jak nie zmarnowa\u0107 cennych wspomnie\u0144 i ukszta\u0142towa\u0107 z nich nowe? A co zabrzmi sprzecznie &#8211; jednocze\u015bnie wyra\u017anie widoczne s\u0105 w malarstwie Aleksandry Jadczuk starania o osi\u0105gni\u0119cie formalnej syntezy.<\/em><\/p>\n<p style=\"text-align: justify;\"><em>Pod wp\u0142ywem prezentowanych prac uwaga mo\u017ce by\u0107 rozproszona. Powstaje wiele pyta\u0144 bez odpowiedzi, bowiem bogactwo \u015brodk\u00f3w wyrazowych nie ma szans wyczerpa\u0107 plastycznych mo\u017cliwo\u015bci. Abstrakcja geometryczna przywo\u0142uje organiczny naturalny \u015bwiat pejza\u017cu. Geometria porz\u0105dkuje nagromadzenie organicznych element\u00f3w, ale geometrii tej nie porz\u0105dkuj\u0105 zasady geometrii. Autorka oddaje sw\u00f3j talent w r\u0119ce z\u0142otej intuicji\u201d<\/em> &#8211; Ita Har\u0119za<\/p>\n<p style=\"text-align: justify;\">Anna Walig\u00f3rska<br \/>\nPrace artystki powstaj\u0105 z inspiracji miejscami i nie-miejscami. Dotykaj\u0105 tematu podr\u00f3\u017cy, s\u0105 zapisem chwil i wra\u017ce\u0144, czasami bardzo ulotnych. S\u0105 to w\u0119dr\u00f3wki w przestrzenie rzeczywiste i wyobra\u017cone, odleg\u0142e i bliskie zarazem. Istotne jest uchwycenie ducha miejsca, kt\u00f3re ukszta\u0142towa\u0142o pomys\u0142 na obraz, wy\u0142uskanie znacze\u0144 meandruj\u0105cych po i pod powierzchni\u0105 widzianego.<\/p>\n<p style=\"text-align: justify;\"><em>\u201eTemat pejza\u017cu pojawia si\u0119 w mojej tw\u00f3rczo\u015bci od pocz\u0105tku i jest bardzo wa\u017cnym elementem osobistego malarskiego uniwersum. Biegnie nurtem r\u00f3wnoleg\u0142ym do g\u0142\u00f3wnego, jak rzeka: czasem dzika, rw\u0105ca i meandruj\u0105ca, czasem zmieniaj\u0105ca si\u0119 w leniwie szemrz\u0105cy strumyk tworz\u0105cy \u0142\u0105kowe rozlewiska. Sam proces malowania, kt\u00f3ry rozpoczyna si\u0119 najcz\u0119\u015bciej wyj\u015bciem z wn\u0119trza w przestrze\u0144 i powietrze, jest pr\u00f3b\u0105 zatrzymania chwili, wci\u0105\u017c wymykaj\u0105cej si\u0119 tera\u017aniejszo\u015bci. Nieuchwytnego teraz osuwaj\u0105cego si\u0119 w przesz\u0142o\u015b\u0107, po kt\u00f3rej prawie od razu nast\u0119puje przysz\u0142o\u015b\u0107, w mgnieniu oka gin\u0105ca zn\u00f3w w przesz\u0142o\u015bci.<\/em><\/p>\n<p style=\"text-align: justify;\"><em>Malarska kontemplacja pejza\u017cu jest pr\u00f3b\u0105 przyszpilenia p\u0119dzlem jednorazowej, ulotnej chwili, zapisem widoku, kt\u00f3ry tworzy si\u0119 w mojej obecno\u015bci, ale bez mojego udzia\u0142u. Pejza\u017c uczy mnie obserwacji i rejestracji zmian, kt\u00f3re nast\u0119puj\u0105 wraz z metamorfozami \u015bwiat\u0142a i koloru, wprowadza w stan prawie medytacyjny, mo\u017cliwy tylko w kontakcie z natur\u0105. Bliskie jest mi to, co powiedzia\u0142 Stanis\u0142aw Baj: Nigdy mi si\u0119 nie zdarzy\u0142o, \u017cebym zobaczy\u0142 te same kolory, na przyk\u0142ad o poranku. Nigdy mi si\u0119 to nie przytrafi\u0142o, \u017ceby by\u0142o tak samo jak wczoraj. Nie da rady &#8211; z wystawy \u201eOboj\u0119tnie, gdzie to jest na \u015bwiecie\u201d. Muzeum Etnograficzne, Krak\u00f3w, 2018 r.<\/em><\/p>\n<p style=\"text-align: justify;\"><em>&nbsp;<\/em><em>Ta ulotno\u015b\u0107, jednorazowo\u015b\u0107 widoku jest dla mnie nieustannym wyzwaniem do podejmowania wci\u0105\u017c na nowo pr\u00f3by zatrzymania i kontemplacji chwili. Moment zaobserwowany w naturze, przeniesiony na p\u0142\u00f3tno czy papier, pozostaje na nim unieruchomiony, niepodlegaj\u0105cy zmianom. Z ruchomego pejza\u017cu zosta\u0142 wydestylowany, wybrany, czy mo\u017ce lepiej &#8211; pochwycony i zamkni\u0119ty na p\u0142aszczy\u017anie podobrazia.<\/em><\/p>\n<p style=\"text-align: justify;\"><em>Maluj\u0105c pejza\u017c funduj\u0119 sobie proustowsk\u0105 magdalenk\u0119, kt\u00f3ra umo\u017cliwia mi ci\u0105g\u0142e powracanie do jego przestrzeni i oddychanie jego powietrzem.<\/em><\/p>\n<p style=\"text-align: justify;\"><em>Pojawia si\u0119 jednak pytanie, czy owa przynale\u017cna sztuce moc przywracania chwil jest wystarczaj\u0105co nadprzyrodzona, by przezwyci\u0119\u017cy\u0107 oddolne dzia\u0142anie materii i czy w og\u00f3le mo\u017cna dotrze\u0107 do sedna. Wci\u0105\u017c podejmuj\u0119 wi\u0119c pr\u00f3b\u0119, wierz\u0105c, \u017ce malarstwo jest drog\u0105, niekoniecznie za\u015b doj\u015bciem do celu\u201d<\/em>. &#8211; Anna Walig\u00f3rska<\/p>\n<p>Wydarzenie na <a href=\"https:\/\/www.facebook.com\/events\/713808105041871?acontext=%7B%22event_action_history%22%3A[%7B%22extra_data%22%3A%22%22%2C%22mechanism%22%3A%22left_rail%22%2C%22surface%22%3A%22bookmark%22%7D%2C%7B%22extra_data%22%3A%22%22%2C%22mechanism%22%3A%22surface%22%2C%22surface%22%3A%22create_dialog%22%7D]%2C%22ref_notif_type%22%3Anull%7D&amp;onload_action=open_invite_flow&amp;show_created_event_toast=true\" target=\"_blank\" rel=\"noopener\"><strong>FB<\/strong><\/a><\/p>","excerpt":"","slug":"02-10-galeria-enter-aleksandra-jadczuk-anna-waligorska-pejzaz-malarstwo","image":false,"all_day":false,"start_date":"2025-10-02 17:00:00","start_date_details":{"year":"2025","month":"10","day":"02","hour":"17","minutes":"00","seconds":"00"},"end_date":"2025-10-31 18:00:00","end_date_details":{"year":"2025","month":"10","day":"31","hour":"18","minutes":"00","seconds":"00"},"utc_start_date":"2025-10-02 15:00:00","utc_start_date_details":{"year":"2025","month":"10","day":"02","hour":"15","minutes":"00","seconds":"00"},"utc_end_date":"2025-10-31 17:00:00","utc_end_date_details":{"year":"2025","month":"10","day":"31","hour":"17","minutes":"00","seconds":"00"},"timezone":"Europe\/Warsaw","timezone_abbr":"CEST","cost":"","cost_details":{"currency_symbol":"","currency_code":"","currency_position":"","values":[]},"website":"","show_map":true,"show_map_link":true,"hide_from_listings":false,"sticky":false,"featured":false,"categories":[],"tags":[],"venue":{"id":57115,"author":"2","status":"publish","date":"2024-03-06 14:37:30","date_utc":"0000-00-00 00:00:00","modified":"2024-03-06 14:37:30","modified_utc":"0000-00-00 00:00:00","url":"https:\/\/13muz.eu\/en\/venue\/dom-kultury-13-muz\/","venue":"Dom Kultury \u201e13 Muz\u201d","slug":"dom-kultury-13-muz","address":"Plac \u017bo\u0142nierza Polskiego 2","city":"Szczecin","country":"Poland","province":"Zachodniopomorskie","zip":"70-551","stateprovince":"Zachodniopomorskie","json_ld":{"@type":"Place","name":"Dom Kultury \u201e13 Muz\u201d","description":"","url":"","address":{"@type":"PostalAddress","streetAddress":"Plac \u017bo\u0142nierza Polskiego 2","addressLocality":"Szczecin","addressRegion":"Zachodniopomorskie","postalCode":"70-551","addressCountry":"Poland"},"telephone":"","sameAs":""},"show_map":true,"show_map_link":true,"global_id":"13muz.eu\/en?id=57115","global_id_lineage":["13muz.eu\/en?id=57115"]},"organizer":[],"custom_fields":[],"json_ld":{"@context":"http:\/\/schema.org","@type":"Event","name":"02.10. \/ Galeria Enter &#8211; Aleksandra Jadczuk \/ Anna Walig\u00f3rska &#8211; \u201ePejza\u017c\u201d &#8211; malarstwo","description":"&lt;p&gt;02.10.2025 czwartek g. 17:00 Zdj\u0119cia z wernisa\u017cu 2 pa\u017adziernika (czwartek) o godz. 17:00 zapraszamy do Galerii Enter na otwarcie wystawy - wst\u0119p wolny. Wystawa czynna do 31 pa\u017adziernika od poniedzia\u0142ku do pi\u0105tku w godz. 8:00-18:00 oraz w trakcie trwania wydarze\u0144 - wst\u0119p wolny. W dniach 4-5 pa\u017adziernika (sobota-niedziela) w ramach akcji \u201eWeekend seniora z kultur\u0105\u201d wystaw\u0119 b\u0119dzie mo\u017cna zwiedza\u0107: sobota g. 10:00-18:00, niedziela g. 14:00-20:00. Aleksandra Jadczuk Na wystawie zaprezentowany zostanie cykl kompozycji malarskich b\u0119d\u0105cych reminiscencjami pejza\u017cu. W obrazach tych przekaz natury nie jest jednoznaczny, lecz raczej nacechowany pami\u0119ci\u0105 oraz zsyntetyzowany. Autorka stosuje r\u00f3\u017cnorodne \u015brodki wyrazu w poszukiwaniu metaforycznej rzeczywisto\u015bci [&hellip;]&lt;\/p&gt;\\n","url":"https:\/\/13muz.eu\/en\/event\/02-10-galeria-enter-aleksandra-jadczuk-anna-waligorska-pejzaz-malarstwo\/","eventAttendanceMode":"https:\/\/schema.org\/OfflineEventAttendanceMode","eventStatus":"https:\/\/schema.org\/EventScheduled","startDate":"2025-10-02T17:00:00+02:00","endDate":"2025-10-31T18:00:00+01:00","location":{"@type":"Place","name":"Dom Kultury \u201e13 Muz\u201d","description":"","url":"","address":{"@type":"PostalAddress","streetAddress":"Plac \u017bo\u0142nierza Polskiego 2","addressLocality":"Szczecin","addressRegion":"Zachodniopomorskie","postalCode":"70-551","addressCountry":"Poland"},"telephone":"","sameAs":""},"performer":"Organization"},"ticketed":false}